{"id":13441,"date":"2026-09-02T21:27:18","date_gmt":"2026-09-02T21:27:18","guid":{"rendered":"https:\/\/amfutsal.org\/?p=13441"},"modified":"2026-09-02T21:27:19","modified_gmt":"2026-09-02T21:27:19","slug":"emotivo-abanderamiento-de-seleccion-paraguaya","status":"publish","type":"post","link":"https:\/\/amfutsal.org\/en\/2026\/09\/02\/emotivo-abanderamiento-de-seleccion-paraguaya\/","title":{"rendered":"Emotional flag-raising ceremony for the Paraguayan National Team"},"content":{"rendered":"<p class=\"wp-block-paragraph\">In the event hall of the Jacaranda Sports Residence of the Paraguayan Futsal Federation, the traditional and emotional flag-raising ceremony of the Paraguayan C15 Futsal team took place, who will host the world championship of that category from September 7 to 14, 2026.<\/p>\n\n\n\n<p class=\"wp-block-paragraph\">The national flag was received by team captain Emerson P\u00e9rez, it was handed to him by the president of the World Association and the president of the Paraguayan Futsal Federation Rolando Alarc\u00f3n and Juan Gamarra.<\/p>\n\n\n\n<p class=\"wp-block-paragraph\">The Paraguayan futsal team, coached by Professor Juan Alcaraz, will be traveling this Thursday at 5 a.m. to Carmen del Paran\u00e1, the main venue for the World Cup.<\/p>\n\n\n\n<p class=\"wp-block-paragraph\">We remind you that this highly anticipated ecumenical event brings together a total of 12 teams, divided into 3 series, with Carmen del Parana being the epicenter of the competition and Coronel Bogado the sub-venue.<\/p>\n\n\n\n<p class=\"wp-block-paragraph\">Group A consists of: Paraguay, Mexico, Canada and Chile; Group B: Colombia, Uruguay, Australia and Argentina; and Group C: Brazil, Catalonia, the United States and Bolivia.<\/p>\n\n\n\n<p class=\"wp-block-paragraph\">Regarding Paraguay&#039;s debut, it will take place this Monday, September 7th, against the Canadian team, and in the other match, Mexico and Chile will face off.<\/p>\n\n\n\n<p class=\"wp-block-paragraph\">The initial round of Group B will feature Colombia against Australia and Uruguay against Argentina, while in Group C, Brazil will face the USA and Catalonia will face Bolivia.<\/p>\n\n\n\n<p class=\"wp-block-paragraph\">PLAYER LIST<br>Amilcar Candia<br>Mateo Esp\u00ednola<br>Benjamin Torres<br>Juan Manuel Ayala<br>Dastan Neumann<br>Gahel V\u00e1zquez<br>Emerson Perez<br>Santiago Resquin<br>Dylan Roa<br>Benjamin Insfr\u00e1n<br>Mauricio Torres<br>Facundo Barreto<br>Kevin Ben\u00edtez<br>TECHNICAL STAFF<br>COACH<br>Juan Alcaraz<br>ASSISTANT 1<br>Alfredo Gavilan<br>ASSISTANT 2<br>Gabriel Viveros<br>PHYSICAL TRAINER<br>Renato Chaparro<br>DOCTOR<br>Dr. Jos\u00e9 Mereles<br>KINESIOLOGIST<br>Raul Amarilla<br>COORDINATOR<br>Alcides Gonzalez<\/p>","protected":false},"excerpt":{"rendered":"<p>En el sal\u00f3n de eventos de la Residencia Deportiva Jacaranda de la Federaci\u00f3n Paraguaya de F\u00fatbol de Sal\u00f3n, tuvo lugar la tradicional y emotiva ceremonia de abanderamiento de la selecci\u00f3n Paraguaya de F\u00fatbol de Sal\u00f3n C15, que oficiar\u00e1n de anfitriones del mundial de dicha categor\u00eda del 7 al 14 de setiembre de este 2026. Recibi\u00f3 [&hellip;]<\/p>\n","protected":false},"author":1,"featured_media":13442,"comment_status":"closed","ping_status":"closed","sticky":false,"template":"","format":"standard","meta":{"footnotes":""},"categories":[44],"tags":[75],"class_list":["post-13441","post","type-post","status-publish","format-standard","has-post-thumbnail","hentry","category-mundial","tag-c15"],"_links":{"self":[{"href":"https:\/\/amfutsal.org\/en\/wp-json\/wp\/v2\/posts\/13441","targetHints":{"allow":["GET"]}}],"collection":[{"href":"https:\/\/amfutsal.org\/en\/wp-json\/wp\/v2\/posts"}],"about":[{"href":"https:\/\/amfutsal.org\/en\/wp-json\/wp\/v2\/types\/post"}],"author":[{"embeddable":true,"href":"https:\/\/amfutsal.org\/en\/wp-json\/wp\/v2\/users\/1"}],"replies":[{"embeddable":true,"href":"https:\/\/amfutsal.org\/en\/wp-json\/wp\/v2\/comments?post=13441"}],"version-history":[{"count":1,"href":"https:\/\/amfutsal.org\/en\/wp-json\/wp\/v2\/posts\/13441\/revisions"}],"predecessor-version":[{"id":13443,"href":"https:\/\/amfutsal.org\/en\/wp-json\/wp\/v2\/posts\/13441\/revisions\/13443"}],"wp:featuredmedia":[{"embeddable":true,"href":"https:\/\/amfutsal.org\/en\/wp-json\/wp\/v2\/media\/13442"}],"wp:attachment":[{"href":"https:\/\/amfutsal.org\/en\/wp-json\/wp\/v2\/media?parent=13441"}],"wp:term":[{"taxonomy":"category","embeddable":true,"href":"https:\/\/amfutsal.org\/en\/wp-json\/wp\/v2\/categories?post=13441"},{"taxonomy":"post_tag","embeddable":true,"href":"https:\/\/amfutsal.org\/en\/wp-json\/wp\/v2\/tags?post=13441"}],"curies":[{"name":"wp","href":"https:\/\/api.w.org\/{rel}","templated":true}]}}